{"id":1072,"date":"2024-05-30T07:39:46","date_gmt":"2024-05-30T07:39:46","guid":{"rendered":"https:\/\/gewerbeverein-schneverdingen.de\/?p=1072"},"modified":"2024-05-30T07:43:55","modified_gmt":"2024-05-30T07:43:55","slug":"protokoll-der-jahreshauptversammlung-2024","status":"publish","type":"post","link":"https:\/\/gewerbeverein-schneverdingen.de\/index.php\/2024\/05\/30\/protokoll-der-jahreshauptversammlung-2024\/","title":{"rendered":"Protokoll der Jahreshauptversammlung 2024"},"content":{"rendered":"<p><strong>Protokoll der Jahreshauptversammlung des Handels- und Gewerbevereins Schneverdingen<\/strong><\/p>\n<p><strong>Datum:<\/strong> 18. April 2024<br \/>\n<strong>Uhrzeit:<\/strong> 19:30 Uhr<\/p>\n<p><strong>Teilnehmer:<\/strong><br \/>\n&#8211; Matthias Hoppe<br \/>\n&#8211; Bianca K\u00f6hler<br \/>\n&#8211; David Rademacher<br \/>\n&#8211; Tobias Schrutt<br \/>\n&#8211; Heiko Br\u00fcmmerhoff<br \/>\n&#8211; J\u00f6rg Tillessen<br \/>\n&#8211; Astrid R\u00f6ben<br \/>\n&#8211; Bj\u00f6rn Dehning<br \/>\n&#8211; Felix Menzel<br \/>\n&#8211; Marc S\u00f6hnholz<br \/>\n&#8211; Marian Gro\u00df<\/p>\n<p><strong>1. Er\u00f6ffnung und Begr\u00fc\u00dfung<\/strong><\/p>\n<p>Marian Gro\u00df er\u00f6ffnet die Versammlung um 19:30 Uhr und begr\u00fc\u00dft alle G\u00e4ste.<\/p>\n<p><strong>2. Genehmigung des Protokolls<\/strong><\/p>\n<p>Das Protokoll der letzten Versammlung liegt aus und wird einstimmig genehmigt.<\/p>\n<p><strong>3. Bericht des Vorsitzenden<\/strong><\/p>\n<p>Marian Gro\u00df pr\u00e4sentiert die Termine des HGV f\u00fcr das Jahr 2024 und spricht das im Jahr 2023 abgesagte Sparfestival an. Eine detaillierte Pr\u00e4sentation hierzu wird sp\u00e4ter von Bj\u00f6rn Dehning folgen.<\/p>\n<p>Er berichtet \u00fcber das Weihnachtsgewinnspiel und die damit verbundene Finanzierung f\u00fcr den HGV und erw\u00e4hnt die Einf\u00fchrung neuer Klebe-Marken. Marian Gro\u00df dankt der Tourist-Information f\u00fcr die Unterst\u00fctzung bei der Abwicklung des Gewinnspiels und betont die erfolgreiche Bindung von Kaufkraft durch den Snevern 10er.<\/p>\n<p>Ein weiteres Highlight des letzten Jahres waren die geschm\u00fcckten Weihnachtsb\u00e4ume, die zum vierten Mal aufgestellt wurden und eine gute Resonanz bei den Betrieben fanden.<\/p>\n<p>Marian Gro\u00df berichtet \u00fcber den 40. Snevern Wiehnachtsmarkt, der sowohl bei den Ausstellern als auch bei den Besuchern positiv aufgenommen wurde. Es gibt bereits Anfragen f\u00fcr das Jahr 2024. Er dankt dem Bauhof Schneverdingen f\u00fcr die hervorragende Unterst\u00fctzung und Umsetzung.<\/p>\n<p>F\u00fcr das Jahr 2024 plant der HGV die Unterst\u00fctzung der Kulturnacht mit einer B\u00fchne sowie eine Spende an das H\u00f6pen Air.<\/p>\n<p><strong>4. Bericht des Kassenwarts<\/strong><\/p>\n<p>Felix Menzel berichtet \u00fcber die aktuelle finanzielle Situation des HGV. Er erw\u00e4hnt eine ausstehende Rechnung vom Stadtmarketing in H\u00f6he von ca. 9000 \u20ac, betont jedoch, dass der HGV mit einem Kontostand von 144.000 \u20ac (inkl. Snevern 10er Konto) finanziell gut aufgestellt ist.<\/p>\n<p><strong>5. Bericht der Kassenpr\u00fcferin<\/strong><\/p>\n<p>Bianca K\u00f6hler berichtet \u00fcber die Kassenpr\u00fcfung und lobt die hervorragende Kassenf\u00fchrung. Sie bittet um Entlastung des Vorstands, was einstimmig per Handzeichen genehmigt wird.<\/p>\n<p><strong>6. Sonstiges<\/strong><\/p>\n<p>Bj\u00f6rn Dehning stellt das Programm f\u00fcr das diesj\u00e4hrige Sparfestival vor und betont die M\u00f6glichkeiten der Kooperation mit dem Kulturverein Schneverdingen. Mitglieder k\u00f6nnen eigene Ideen einbringen und ihr Gesch\u00e4ft am 17. August 2024 pr\u00e4sentieren. Tobias Schrutt von den Stadtwerken Schneverdingen fragt nach einer m\u00f6glichen finanziellen Beteiligung des HGV an K\u00fcnstlern. Bj\u00f6rn Dehning argumentiert, dass eine Subvention f\u00fcr einzelne Gesch\u00e4fte oder K\u00fcnstler unrealistisch sei, jedoch die Finanzierung eines K\u00fcnstlers auf einer allgemeinen Fl\u00e4che m\u00f6glich w\u00e4re.<\/p>\n<p>Bj\u00f6rn Dehning berichtet zudem \u00fcber die Kooperation mit der Stadt Schneverdingen und der KGS Schneverdingen zur Gewinnung von Nachwuchskr\u00e4ften. Ein Treffen wurde organisiert, und es wird ein Anschreiben an die Betriebe in Schneverdingen verschickt, um Interesse an freien Ausbildungspl\u00e4tzen zu wecken. Am 20. und 21. Januar 2025 k\u00f6nnen sich Schneverdinger Betriebe in ihren eigenen R\u00e4umen den Sch\u00fclern der Abschlussklassen pr\u00e4sentieren.<\/p>\n<p><strong>7. Schluss der Versammlung<\/strong><\/p>\n<p>Die Versammlung schlie\u00dft um 20:10 Uhr.<\/p>\n<p><strong>Protokollf\u00fchrer:<\/strong><br \/>\nBj\u00f6rn Dehning<\/p>\n","protected":false},"excerpt":{"rendered":"<p>Protokoll der Jahreshauptversammlung des Handels- und Gewerbevereins Schneverdingen Datum: 18. April 2024 Uhrzeit: 19:30 Uhr Teilnehmer: &#8211; Matthias Hoppe &#8211; Bianca K\u00f6hler &#8211; David Rademacher &#8211; Tobias Schrutt &#8211; Heiko Br\u00fcmmerhoff &#8211; J\u00f6rg Tillessen &#8211; Astrid R\u00f6ben &#8211; Bj\u00f6rn Dehning &#8211; Felix Menzel &#8211; Marc S\u00f6hnholz &#8211; Marian Gro\u00df 1. Er\u00f6ffnung und Begr\u00fc\u00dfung Marian Gro\u00df [&hellip;]<\/p>\n","protected":false},"author":2,"featured_media":1074,"comment_status":"open","ping_status":"open","sticky":false,"template":"","format":"standard","meta":{"ocean_post_layout":"","ocean_both_sidebars_style":"","ocean_both_sidebars_content_width":0,"ocean_both_sidebars_sidebars_width":0,"ocean_sidebar":"0","ocean_second_sidebar":"0","ocean_disable_margins":"enable","ocean_add_body_class":"","ocean_shortcode_before_top_bar":"","ocean_shortcode_after_top_bar":"","ocean_shortcode_before_header":"","ocean_shortcode_after_header":"","ocean_has_shortcode":"","ocean_shortcode_after_title":"","ocean_shortcode_before_footer_widgets":"","ocean_shortcode_after_footer_widgets":"","ocean_shortcode_before_footer_bottom":"","ocean_shortcode_after_footer_bottom":"","ocean_display_top_bar":"default","ocean_display_header":"default","ocean_header_style":"","ocean_center_header_left_menu":"0","ocean_custom_header_template":"0","ocean_custom_logo":0,"ocean_custom_retina_logo":0,"ocean_custom_logo_max_width":0,"ocean_custom_logo_tablet_max_width":0,"ocean_custom_logo_mobile_max_width":0,"ocean_custom_logo_max_height":0,"ocean_custom_logo_tablet_max_height":0,"ocean_custom_logo_mobile_max_height":0,"ocean_header_custom_menu":"0","ocean_menu_typo_font_family":"0","ocean_menu_typo_font_subset":"","ocean_menu_typo_font_size":0,"ocean_menu_typo_font_size_tablet":0,"ocean_menu_typo_font_size_mobile":0,"ocean_menu_typo_font_size_unit":"px","ocean_menu_typo_font_weight":"","ocean_menu_typo_font_weight_tablet":"","ocean_menu_typo_font_weight_mobile":"","ocean_menu_typo_transform":"","ocean_menu_typo_transform_tablet":"","ocean_menu_typo_transform_mobile":"","ocean_menu_typo_line_height":0,"ocean_menu_typo_line_height_tablet":0,"ocean_menu_typo_line_height_mobile":0,"ocean_menu_typo_line_height_unit":"","ocean_menu_typo_spacing":0,"ocean_menu_typo_spacing_tablet":0,"ocean_menu_typo_spacing_mobile":0,"ocean_menu_typo_spacing_unit":"","ocean_menu_link_color":"","ocean_menu_link_color_hover":"","ocean_menu_link_color_active":"","ocean_menu_link_background":"","ocean_menu_link_hover_background":"","ocean_menu_link_active_background":"","ocean_menu_social_links_bg":"","ocean_menu_social_hover_links_bg":"","ocean_menu_social_links_color":"","ocean_menu_social_hover_links_color":"","ocean_disable_title":"default","ocean_disable_heading":"default","ocean_post_title":"","ocean_post_subheading":"","ocean_post_title_style":"","ocean_post_title_background_color":"","ocean_post_title_background":0,"ocean_post_title_bg_image_position":"","ocean_post_title_bg_image_attachment":"","ocean_post_title_bg_image_repeat":"","ocean_post_title_bg_image_size":"","ocean_post_title_height":0,"ocean_post_title_bg_overlay":0.5,"ocean_post_title_bg_overlay_color":"","ocean_disable_breadcrumbs":"default","ocean_breadcrumbs_color":"","ocean_breadcrumbs_separator_color":"","ocean_breadcrumbs_links_color":"","ocean_breadcrumbs_links_hover_color":"","ocean_display_footer_widgets":"default","ocean_display_footer_bottom":"default","ocean_custom_footer_template":"0","ocean_post_oembed":"","ocean_post_self_hosted_media":"","ocean_post_video_embed":"","ocean_link_format":"","ocean_link_format_target":"self","ocean_quote_format":"","ocean_quote_format_link":"post","ocean_gallery_link_images":"on","ocean_gallery_id":[],"footnotes":""},"categories":[12],"tags":[],"class_list":["post-1072","post","type-post","status-publish","format-standard","has-post-thumbnail","hentry","category-events-veranstaltungen","entry","has-media"],"_links":{"self":[{"href":"https:\/\/gewerbeverein-schneverdingen.de\/index.php\/wp-json\/wp\/v2\/posts\/1072","targetHints":{"allow":["GET"]}}],"collection":[{"href":"https:\/\/gewerbeverein-schneverdingen.de\/index.php\/wp-json\/wp\/v2\/posts"}],"about":[{"href":"https:\/\/gewerbeverein-schneverdingen.de\/index.php\/wp-json\/wp\/v2\/types\/post"}],"author":[{"embeddable":true,"href":"https:\/\/gewerbeverein-schneverdingen.de\/index.php\/wp-json\/wp\/v2\/users\/2"}],"replies":[{"embeddable":true,"href":"https:\/\/gewerbeverein-schneverdingen.de\/index.php\/wp-json\/wp\/v2\/comments?post=1072"}],"version-history":[{"count":1,"href":"https:\/\/gewerbeverein-schneverdingen.de\/index.php\/wp-json\/wp\/v2\/posts\/1072\/revisions"}],"predecessor-version":[{"id":1073,"href":"https:\/\/gewerbeverein-schneverdingen.de\/index.php\/wp-json\/wp\/v2\/posts\/1072\/revisions\/1073"}],"wp:featuredmedia":[{"embeddable":true,"href":"https:\/\/gewerbeverein-schneverdingen.de\/index.php\/wp-json\/wp\/v2\/media\/1074"}],"wp:attachment":[{"href":"https:\/\/gewerbeverein-schneverdingen.de\/index.php\/wp-json\/wp\/v2\/media?parent=1072"}],"wp:term":[{"taxonomy":"category","embeddable":true,"href":"https:\/\/gewerbeverein-schneverdingen.de\/index.php\/wp-json\/wp\/v2\/categories?post=1072"},{"taxonomy":"post_tag","embeddable":true,"href":"https:\/\/gewerbeverein-schneverdingen.de\/index.php\/wp-json\/wp\/v2\/tags?post=1072"}],"curies":[{"name":"wp","href":"https:\/\/api.w.org\/{rel}","templated":true}]}}