{"id":896,"date":"2023-12-04T11:21:51","date_gmt":"2023-12-04T11:21:51","guid":{"rendered":"https:\/\/gewerbeverein-schneverdingen.de\/?p=896"},"modified":"2023-12-04T11:22:05","modified_gmt":"2023-12-04T11:22:05","slug":"der-40-snevern-wiehnachtsmarkt-oeffnet-am-2-adventswochenende-seine-tore","status":"publish","type":"post","link":"https:\/\/gewerbeverein-schneverdingen.de\/index.php\/2023\/12\/04\/der-40-snevern-wiehnachtsmarkt-oeffnet-am-2-adventswochenende-seine-tore\/","title":{"rendered":"Der 40. Snevern Wiehnachtsmarkt&#8220; \u00f6ffnet am 2. Adventswochenende seine Tore"},"content":{"rendered":"<p>Am 08.12.2023 um 15 Uhr erfolgt der Startschuss und die feierliche Er\u00f6ffnung des 40. Snevern Wiehnachtsmarktes. Im Umfeld der sch\u00f6nen Peter-und-Paul Kirche wird es drei Tage winterlich und gem\u00fctlich zugehen.<\/p>\n<p>Ein Highlight wird in diesem Jahr ein \u201eWinter-Weihnachtswald\u201c sein, kreiert von dem G\u00e4rtnermeister der Stadt Schneverdingen, Matthias Reimers. Der Wald l\u00e4dt zum Verweilen ein und das ein oder andere Hei\u00dfgetr\u00e4nk kann ebenfalls zwischen den B\u00e4umen getrunken werden. Neben dem Winterwald wird es zum ersten Mal ein gro\u00dfes Zelt geben, in dem Hobbyk\u00fcnstler und Bastler ihre Werke pr\u00e4sentieren. Dort l\u00e4sst sich das ein oder andere Weihnachtsgeschenk regional einkaufen. Neben dem Zelt wird es viele weitere St\u00e4nde geben, an denen Kunsthandwerker ihre Produkte anbieten, wie Holzartikel oder Kunst aus Beton und vieles mehr.<\/p>\n<p>An kulinarischen Anbietern fehlt es beim Wiehnachtsmarkt nicht, ob Mutzenmandeln, Churros oder Bratwurst, alles ist vertreten. Regionalit\u00e4t wird gro\u00dfgeschrieben, so dass auch unser H\u00f6pen-Sch\u00e4fer, Steffen Schmidt, Heidschnuckenprodukte anbieten wird. Zudem wird er einen besonderen H\u00f6hepunkt f\u00fcr die kleinen G\u00e4ste schaffen: echte Heidschnucken zum Anfassen und Streicheln. Auf ihre Kosten kommen Kinder zudem beim Kinderkarussell und beim Bilderbuchkino der Stadtb\u00fccherei, welches am Samstag und Sonntag in den R\u00e4umlichkeiten der FZB, ehemals CVJM-Heim, stattfindet. Die R\u00e4umlichkeiten des FZB-Jugendbereichs stehen am Freitag ebenfalls offen und laden zum Gl\u00fccksraddrehen und zur weihnachtlichen Bastelaktion ein. An allen drei Tagen wird es nachmittags Vorf\u00fchrungen der Theaterschmiede geben. Und auch der Weihnachtsmann wird an allen drei Tagen wieder auf dem Markt sein und f\u00fcr die kleinen Geschenke dabeihaben. Am Freitagnachmittag gibt es zudem Freikarten f\u00fcr das Kinderkarussell.<\/p>\n<p>Die Gemeinn\u00fctzigkeit wird bei diesem Markt wieder eine gro\u00dfe Rolle spielen. So sind unter anderem die \u00d6kumenische Stadt-Runde, der Lions-Club Schneverdingen, der Hunnenhoff und die UNICEF vertreten.<\/p>\n<p>Ein weiteres Programmhighlights wird das Landfrauen-Caf\u00e9 im Gemeindehaus sein, welches an allen drei Tagen ge\u00f6ffnet sein wird &#8211; Freitag von 15-17 Uhr und Samstag und Sonntag von 14-17 Uhr.<\/p>\n<p>Freitag um 19:30 Uhr veranstaltet der Kulturverein Schneverdingen in der Peter-und-Paul Kirche das Wiehnachtskonzert mit der Band \u201eAppeldwatsch\u201c. Am Samstag wird der Posaunenchor das allj\u00e4hrliche Adventsliederblasen um 15:30 Uhr vorf\u00fchren. Bei freiem Eintritt kann in der Peter-und-Paul Kirche ab 18:15 Uhr am Samstag der Stimme von Lars Cohrs gelauscht werden. Der Titel der Weihnachtslesung lautet: \u201eKeine Zeit &#8211; Bin im Weihnachtsstress\u201c. Der Sonntag wird mit Pastor Harm Cordes eingel\u00e4utet. Um 10 Uhr wird er den Gottesdienst halten. Sonntag um 15 Uhr wird es dann ein offenes Adventslieder-Singen geben.<\/p>\n<p>Der Handels- und Gewerbeverein bedankt sich bei allen Teilnehmenden und Mitwirkenden, ohne die es nicht m\u00f6glich w\u00e4re den \u201eSnevern Wiehnachtsmarkt\u201c stetig weiterzuentwickeln. Der gr\u00f6\u00dfte Dank geht aber an alle Besucher, die am kommenden Wochenende dem Weihnachtsmarkt Leben einhauchen werden.<\/p>\n<p>Mit freundlichen Gr\u00fc\u00dfen<\/p>\n<p>Ihr HGV<\/p>\n<p>Marian Gro\u00df<\/p>\n","protected":false},"excerpt":{"rendered":"<p>Am 08.12.2023 um 15 Uhr erfolgt der Startschuss und die feierliche Er\u00f6ffnung des 40. Snevern Wiehnachtsmarktes. Im Umfeld der sch\u00f6nen Peter-und-Paul Kirche wird es drei Tage winterlich und gem\u00fctlich zugehen. Ein Highlight wird in diesem Jahr ein \u201eWinter-Weihnachtswald\u201c sein, kreiert von dem G\u00e4rtnermeister der Stadt Schneverdingen, Matthias Reimers. Der Wald l\u00e4dt zum Verweilen ein und [&hellip;]<\/p>\n","protected":false},"author":2,"featured_media":831,"comment_status":"open","ping_status":"open","sticky":false,"template":"","format":"standard","meta":{"ocean_post_layout":"","ocean_both_sidebars_style":"","ocean_both_sidebars_content_width":0,"ocean_both_sidebars_sidebars_width":0,"ocean_sidebar":"0","ocean_second_sidebar":"0","ocean_disable_margins":"enable","ocean_add_body_class":"","ocean_shortcode_before_top_bar":"","ocean_shortcode_after_top_bar":"","ocean_shortcode_before_header":"","ocean_shortcode_after_header":"","ocean_has_shortcode":"","ocean_shortcode_after_title":"","ocean_shortcode_before_footer_widgets":"","ocean_shortcode_after_footer_widgets":"","ocean_shortcode_before_footer_bottom":"","ocean_shortcode_after_footer_bottom":"","ocean_display_top_bar":"default","ocean_display_header":"default","ocean_header_style":"","ocean_center_header_left_menu":"0","ocean_custom_header_template":"0","ocean_custom_logo":0,"ocean_custom_retina_logo":0,"ocean_custom_logo_max_width":0,"ocean_custom_logo_tablet_max_width":0,"ocean_custom_logo_mobile_max_width":0,"ocean_custom_logo_max_height":0,"ocean_custom_logo_tablet_max_height":0,"ocean_custom_logo_mobile_max_height":0,"ocean_header_custom_menu":"0","ocean_menu_typo_font_family":"0","ocean_menu_typo_font_subset":"","ocean_menu_typo_font_size":0,"ocean_menu_typo_font_size_tablet":0,"ocean_menu_typo_font_size_mobile":0,"ocean_menu_typo_font_size_unit":"px","ocean_menu_typo_font_weight":"","ocean_menu_typo_font_weight_tablet":"","ocean_menu_typo_font_weight_mobile":"","ocean_menu_typo_transform":"","ocean_menu_typo_transform_tablet":"","ocean_menu_typo_transform_mobile":"","ocean_menu_typo_line_height":0,"ocean_menu_typo_line_height_tablet":0,"ocean_menu_typo_line_height_mobile":0,"ocean_menu_typo_line_height_unit":"","ocean_menu_typo_spacing":0,"ocean_menu_typo_spacing_tablet":0,"ocean_menu_typo_spacing_mobile":0,"ocean_menu_typo_spacing_unit":"","ocean_menu_link_color":"","ocean_menu_link_color_hover":"","ocean_menu_link_color_active":"","ocean_menu_link_background":"","ocean_menu_link_hover_background":"","ocean_menu_link_active_background":"","ocean_menu_social_links_bg":"","ocean_menu_social_hover_links_bg":"","ocean_menu_social_links_color":"","ocean_menu_social_hover_links_color":"","ocean_disable_title":"default","ocean_disable_heading":"default","ocean_post_title":"","ocean_post_subheading":"","ocean_post_title_style":"","ocean_post_title_background_color":"","ocean_post_title_background":0,"ocean_post_title_bg_image_position":"","ocean_post_title_bg_image_attachment":"","ocean_post_title_bg_image_repeat":"","ocean_post_title_bg_image_size":"","ocean_post_title_height":0,"ocean_post_title_bg_overlay":0.5,"ocean_post_title_bg_overlay_color":"","ocean_disable_breadcrumbs":"default","ocean_breadcrumbs_color":"","ocean_breadcrumbs_separator_color":"","ocean_breadcrumbs_links_color":"","ocean_breadcrumbs_links_hover_color":"","ocean_display_footer_widgets":"default","ocean_display_footer_bottom":"default","ocean_custom_footer_template":"0","ocean_post_oembed":"","ocean_post_self_hosted_media":"","ocean_post_video_embed":"","ocean_link_format":"","ocean_link_format_target":"self","ocean_quote_format":"","ocean_quote_format_link":"post","ocean_gallery_link_images":"on","ocean_gallery_id":[],"footnotes":""},"categories":[1],"tags":[],"class_list":["post-896","post","type-post","status-publish","format-standard","has-post-thumbnail","hentry","category-uncategorized","entry","has-media"],"_links":{"self":[{"href":"https:\/\/gewerbeverein-schneverdingen.de\/index.php\/wp-json\/wp\/v2\/posts\/896","targetHints":{"allow":["GET"]}}],"collection":[{"href":"https:\/\/gewerbeverein-schneverdingen.de\/index.php\/wp-json\/wp\/v2\/posts"}],"about":[{"href":"https:\/\/gewerbeverein-schneverdingen.de\/index.php\/wp-json\/wp\/v2\/types\/post"}],"author":[{"embeddable":true,"href":"https:\/\/gewerbeverein-schneverdingen.de\/index.php\/wp-json\/wp\/v2\/users\/2"}],"replies":[{"embeddable":true,"href":"https:\/\/gewerbeverein-schneverdingen.de\/index.php\/wp-json\/wp\/v2\/comments?post=896"}],"version-history":[{"count":1,"href":"https:\/\/gewerbeverein-schneverdingen.de\/index.php\/wp-json\/wp\/v2\/posts\/896\/revisions"}],"predecessor-version":[{"id":897,"href":"https:\/\/gewerbeverein-schneverdingen.de\/index.php\/wp-json\/wp\/v2\/posts\/896\/revisions\/897"}],"wp:featuredmedia":[{"embeddable":true,"href":"https:\/\/gewerbeverein-schneverdingen.de\/index.php\/wp-json\/wp\/v2\/media\/831"}],"wp:attachment":[{"href":"https:\/\/gewerbeverein-schneverdingen.de\/index.php\/wp-json\/wp\/v2\/media?parent=896"}],"wp:term":[{"taxonomy":"category","embeddable":true,"href":"https:\/\/gewerbeverein-schneverdingen.de\/index.php\/wp-json\/wp\/v2\/categories?post=896"},{"taxonomy":"post_tag","embeddable":true,"href":"https:\/\/gewerbeverein-schneverdingen.de\/index.php\/wp-json\/wp\/v2\/tags?post=896"}],"curies":[{"name":"wp","href":"https:\/\/api.w.org\/{rel}","templated":true}]}}